{"id":11967,"date":"2015-10-08T11:00:30","date_gmt":"2015-10-08T15:00:30","guid":{"rendered":"http:\/\/polarismusicprize.ca\/?p=11967"},"modified":"2015-10-08T19:24:09","modified_gmt":"2015-10-08T23:24:09","slug":"arkells-cover-owen-pallett-i-am-not-afraid-polaris-cover-sessions","status":"publish","type":"post","link":"https:\/\/polarismusicprize.ca\/fr\/blog\/arkells-cover-owen-pallett-i-am-not-afraid-polaris-cover-sessions\/","title":{"rendered":"Arkells Cover Owen Pallett&rsquo;s &lsquo;I Am Not Afraid&rsquo; For Polaris Cover Sessions #4"},"content":{"rendered":"<div id=\"attachment_11968\" style=\"width: 690px\" class=\"wp-caption alignnone\"><a href=\"https:\/\/polarismusicprize.ca\/wp-content\/uploads\/2015\/10\/arkells-cover-sessions-6801.jpg\"><img loading=\"lazy\" decoding=\"async\" aria-describedby=\"caption-attachment-11968\" class=\"size-full wp-image-11968\" src=\"https:\/\/polarismusicprize.ca\/wp-content\/uploads\/2015\/10\/arkells-cover-sessions-6801.jpg\" alt=\"Arkells' Max Kerman\" width=\"680\" height=\"511\" srcset=\"https:\/\/polarismusicprize.ca\/wp-content\/uploads\/2015\/10\/arkells-cover-sessions-6801.jpg 680w, https:\/\/polarismusicprize.ca\/wp-content\/uploads\/2015\/10\/arkells-cover-sessions-6801-300x225.jpg 300w\" sizes=\"auto, (max-width: 680px) 100vw, 680px\" \/><\/a><p id=\"caption-attachment-11968\" class=\"wp-caption-text\">Arkells&rsquo; Max Kerman<\/p><\/div>\n<p>Arkells have covered Owen Pallett&rsquo;s \u00ab\u00a0I Am Not Afraid\u00a0\u00bb for the latest edition of the Polaris Cover Sessions.<\/p>\n<p>Performed and filmed at Toronto&rsquo;s <a href=\"https:\/\/www.revolutionrecording.com\/\">Revolution Recording<\/a> (Rush, Lights, Ghostface Killah w\/ BadBadNotGood and more) the Arkells&rsquo; take on the song from Pallett&rsquo;s 2014 Polaris Short-Listed album<em> In Conflict<\/em> is the fourth in the ongoing series of Polaris cover sessions which pair past Polaris nominees reimagining the songs of other former nominees.<\/p>\n<p>Arkells, who&rsquo;ve been Polaris Long List-nominated in 2009 for the album<em> Jackson Square<\/em> and in 2015 for <em>High Noon<\/em>, enlisted a two-person horn section to give their rendition of \u00ab\u00a0I Am Not Afraid\u00a0\u00bb a little extra something.<\/p>\n<p>Vinyl enthusiasts and fans of the Arkells should stay tuned to the usual Polaris bat channels as there&rsquo;s a high probability the band&rsquo;s version of \u00ab\u00a0I Am Not Afraid\u00a0\u00bb will be getting pressed up into some form of promotional vinyl release in 2016 by the good folks at <a href=\"https:\/\/samomedia.com\/\">Samo Media<\/a>. Right now a promotional 10&Prime; record featuring the first three Polaris Cover Sessions \u2014 Whitehorse performing The New Pornographers&rsquo; \u00ab\u00a0Bones Of An Idol,\u00a0\u00bb Sarah Harmer performing Caribou&rsquo;s \u00ab\u00a0Odessa\u00a0\u00bb and Great Lake Swimmers performing Sarah Harmer&rsquo;s \u00ab\u00a0I&rsquo;m A Mountain\u00a0\u00bb \u2014 is <a href=\"https:\/\/polarismusicprize.ca\/blog\/free-polaris-cover-sessions-10-inch-vinyl-at-select-retailers\/\">available for free <\/a>at select record stores across Canada with the purchase of an album from the 2015 Polaris Music Prize Short List.<\/p>\n<p><em>Watch Arkells performing Owen Pallett&rsquo;s \u00ab\u00a0I Am Not Afraid\u00a0\u00bb<\/em><\/p>\n<p><iframe loading=\"lazy\" width=\"860\" height=\"484\" src=\"https:\/\/www.youtube.com\/embed\/oPlwM_1ZkXY?feature=oembed\" frameborder=\"0\" allowfullscreen><\/iframe><\/p>\n","protected":false},"excerpt":{"rendered":"<p>Arkells have covered Owen Pallett&rsquo;s \u00ab\u00a0I Am Not Afraid\u00a0\u00bb for the latest edition of the Polaris Cover Sessions. Performed and filmed at Toronto&rsquo;s Revolution Recording (Rush, Lights, Ghostface Killah w\/ BadBadNotGood and more) the Arkells&rsquo; take on the song from Pallett&rsquo;s 2014 Polaris Short-Listed album In Conflict is the fourth in the ongoing series of [&hellip;]<\/p>\n","protected":false},"author":16,"featured_media":11968,"comment_status":"open","ping_status":"open","sticky":false,"template":"","format":"standard","meta":{"_acf_changed":false,"_monsterinsights_skip_tracking":false,"_monsterinsights_sitenote_active":false,"_monsterinsights_sitenote_note":"","_monsterinsights_sitenote_category":0,"footnotes":""},"categories":[1],"tags":[255,97,112,63],"class_list":["post-11967","post","type-post","status-publish","format-standard","has-post-thumbnail","hentry","category-polaris-blog","tag-arkells","tag-owen-pallett","tag-polaris-cover-sessions","tag-polaris-music-prize"],"acf":[],"yoast_head":"<title>Arkells Cover Owen Pallett&#039;s &#039;I Am Not Afraid&#039; For Polaris Cover Sessions #4 - Polaris Music Prize<\/title>\n<meta name=\"description\" content=\"Arkells have covered Owen Pallett&#039;s &quot;I Am Not Afraid&quot; for the latest edition of the Polaris Cover Sessions.\" \/>\n<meta name=\"robots\" content=\"index, follow, max-snippet:-1, max-image-preview:large, max-video-preview:-1\" \/>\n<link rel=\"canonical\" href=\"https:\/\/polarismusicprize.ca\/blog\/arkells-cover-owen-pallett-i-am-not-afraid-polaris-cover-sessions\/\" \/>\n<meta property=\"og:locale\" content=\"fr_FR\" \/>\n<meta property=\"og:type\" content=\"article\" \/>\n<meta property=\"og:title\" content=\"Arkells Cover Owen Pallett&#039;s &#039;I Am Not Afraid&#039; For Polaris Cover Sessions #4 - Polaris Music Prize\" \/>\n<meta property=\"og:description\" content=\"Arkells have covered Owen Pallett&#039;s &quot;I Am Not Afraid&quot; for the latest edition of the Polaris Cover Sessions.\" \/>\n<meta property=\"og:url\" content=\"https:\/\/polarismusicprize.ca\/blog\/arkells-cover-owen-pallett-i-am-not-afraid-polaris-cover-sessions\/\" \/>\n<meta property=\"og:site_name\" content=\"Polaris Music Prize\" \/>\n<meta property=\"article:publisher\" content=\"https:\/\/www.facebook.com\/polarismusicprize\" \/>\n<meta property=\"article:author\" content=\"https:\/\/facebook.com\/aaron.brophy\" \/>\n<meta property=\"article:published_time\" content=\"2015-10-08T15:00:30+00:00\" \/>\n<meta property=\"article:modified_time\" content=\"2015-10-08T23:24:09+00:00\" \/>\n<meta property=\"og:image\" content=\"https:\/\/polarismusicprize.ca\/wp-content\/uploads\/2015\/10\/arkells-cover-sessions-6801.jpg\" \/>\n\t<meta property=\"og:image:width\" content=\"680\" \/>\n\t<meta property=\"og:image:height\" content=\"511\" \/>\n\t<meta property=\"og:image:type\" content=\"image\/jpeg\" \/>\n<meta name=\"author\" content=\"Aaron Brophy\" \/>\n<meta name=\"twitter:card\" content=\"summary_large_image\" \/>\n<meta name=\"twitter:creator\" content=\"@https:\/\/twitter.com\/aaronjjbrophy\" \/>\n<meta name=\"twitter:site\" content=\"@PolarisPrize\" \/>\n<meta name=\"twitter:label1\" content=\"\u00c9crit par\" \/>\n\t<meta name=\"twitter:data1\" content=\"Aaron Brophy\" \/>\n\t<meta name=\"twitter:label2\" content=\"Dur\u00e9e de lecture estim\u00e9e\" \/>\n\t<meta name=\"twitter:data2\" content=\"1 minute\" \/>\n<script type=\"application\/ld+json\" class=\"yoast-schema-graph\">{\"@context\":\"https:\\\/\\\/schema.org\",\"@graph\":[{\"@type\":\"Article\",\"@id\":\"https:\\\/\\\/polarismusicprize.ca\\\/blog\\\/arkells-cover-owen-pallett-i-am-not-afraid-polaris-cover-sessions\\\/#article\",\"isPartOf\":{\"@id\":\"https:\\\/\\\/polarismusicprize.ca\\\/blog\\\/arkells-cover-owen-pallett-i-am-not-afraid-polaris-cover-sessions\\\/\"},\"author\":{\"name\":\"Aaron Brophy\",\"@id\":\"https:\\\/\\\/polarismusicprize.ca\\\/#\\\/schema\\\/person\\\/d986e09994d85c97a180ad28c02ed3f1\"},\"headline\":\"Arkells Cover Owen Pallett&rsquo;s &lsquo;I Am Not Afraid&rsquo; For Polaris Cover Sessions #4\",\"datePublished\":\"2015-10-08T15:00:30+00:00\",\"dateModified\":\"2015-10-08T23:24:09+00:00\",\"mainEntityOfPage\":{\"@id\":\"https:\\\/\\\/polarismusicprize.ca\\\/blog\\\/arkells-cover-owen-pallett-i-am-not-afraid-polaris-cover-sessions\\\/\"},\"wordCount\":263,\"commentCount\":0,\"publisher\":{\"@id\":\"https:\\\/\\\/polarismusicprize.ca\\\/#organization\"},\"image\":{\"@id\":\"https:\\\/\\\/polarismusicprize.ca\\\/blog\\\/arkells-cover-owen-pallett-i-am-not-afraid-polaris-cover-sessions\\\/#primaryimage\"},\"thumbnailUrl\":\"https:\\\/\\\/polarismusicprize.ca\\\/wp-content\\\/uploads\\\/2015\\\/10\\\/arkells-cover-sessions-6801.jpg\",\"keywords\":[\"Arkells\",\"Owen Pallett\",\"Polaris Cover Sessions\",\"Polaris Music Prize\"],\"articleSection\":[\"Polaris Blog\"],\"inLanguage\":\"fr-FR\",\"potentialAction\":[{\"@type\":\"CommentAction\",\"name\":\"Comment\",\"target\":[\"https:\\\/\\\/polarismusicprize.ca\\\/blog\\\/arkells-cover-owen-pallett-i-am-not-afraid-polaris-cover-sessions\\\/#respond\"]}]},{\"@type\":\"WebPage\",\"@id\":\"https:\\\/\\\/polarismusicprize.ca\\\/blog\\\/arkells-cover-owen-pallett-i-am-not-afraid-polaris-cover-sessions\\\/\",\"url\":\"https:\\\/\\\/polarismusicprize.ca\\\/blog\\\/arkells-cover-owen-pallett-i-am-not-afraid-polaris-cover-sessions\\\/\",\"name\":\"Arkells Cover Owen Pallett's 'I Am Not Afraid' For Polaris Cover Sessions #4 - Polaris Music Prize\",\"isPartOf\":{\"@id\":\"https:\\\/\\\/polarismusicprize.ca\\\/#website\"},\"primaryImageOfPage\":{\"@id\":\"https:\\\/\\\/polarismusicprize.ca\\\/blog\\\/arkells-cover-owen-pallett-i-am-not-afraid-polaris-cover-sessions\\\/#primaryimage\"},\"image\":{\"@id\":\"https:\\\/\\\/polarismusicprize.ca\\\/blog\\\/arkells-cover-owen-pallett-i-am-not-afraid-polaris-cover-sessions\\\/#primaryimage\"},\"thumbnailUrl\":\"https:\\\/\\\/polarismusicprize.ca\\\/wp-content\\\/uploads\\\/2015\\\/10\\\/arkells-cover-sessions-6801.jpg\",\"datePublished\":\"2015-10-08T15:00:30+00:00\",\"dateModified\":\"2015-10-08T23:24:09+00:00\",\"description\":\"Arkells have covered Owen Pallett's \\\"I Am Not Afraid\\\" for the latest edition of the Polaris Cover Sessions.\",\"breadcrumb\":{\"@id\":\"https:\\\/\\\/polarismusicprize.ca\\\/blog\\\/arkells-cover-owen-pallett-i-am-not-afraid-polaris-cover-sessions\\\/#breadcrumb\"},\"inLanguage\":\"fr-FR\",\"potentialAction\":[{\"@type\":\"ReadAction\",\"target\":[\"https:\\\/\\\/polarismusicprize.ca\\\/blog\\\/arkells-cover-owen-pallett-i-am-not-afraid-polaris-cover-sessions\\\/\"]}]},{\"@type\":\"ImageObject\",\"inLanguage\":\"fr-FR\",\"@id\":\"https:\\\/\\\/polarismusicprize.ca\\\/blog\\\/arkells-cover-owen-pallett-i-am-not-afraid-polaris-cover-sessions\\\/#primaryimage\",\"url\":\"https:\\\/\\\/polarismusicprize.ca\\\/wp-content\\\/uploads\\\/2015\\\/10\\\/arkells-cover-sessions-6801.jpg\",\"contentUrl\":\"https:\\\/\\\/polarismusicprize.ca\\\/wp-content\\\/uploads\\\/2015\\\/10\\\/arkells-cover-sessions-6801.jpg\",\"width\":680,\"height\":511,\"caption\":\"Arkells' Max Kerman\"},{\"@type\":\"BreadcrumbList\",\"@id\":\"https:\\\/\\\/polarismusicprize.ca\\\/blog\\\/arkells-cover-owen-pallett-i-am-not-afraid-polaris-cover-sessions\\\/#breadcrumb\",\"itemListElement\":[{\"@type\":\"ListItem\",\"position\":1,\"name\":\"Home\",\"item\":\"https:\\\/\\\/polarismusicprize.ca\\\/fr\\\/\"},{\"@type\":\"ListItem\",\"position\":2,\"name\":\"Arkells Cover Owen Pallett&#8217;s &#8216;I Am Not Afraid&#8217; For Polaris Cover Sessions #4\"}]},{\"@type\":\"WebSite\",\"@id\":\"https:\\\/\\\/polarismusicprize.ca\\\/#website\",\"url\":\"https:\\\/\\\/polarismusicprize.ca\\\/\",\"name\":\"Polaris Music Prize\",\"description\":\"Discover, Discuss, Award: Celebrating Canadian Musical Artistry\",\"publisher\":{\"@id\":\"https:\\\/\\\/polarismusicprize.ca\\\/#organization\"},\"potentialAction\":[{\"@type\":\"SearchAction\",\"target\":{\"@type\":\"EntryPoint\",\"urlTemplate\":\"https:\\\/\\\/polarismusicprize.ca\\\/?s={search_term_string}\"},\"query-input\":{\"@type\":\"PropertyValueSpecification\",\"valueRequired\":true,\"valueName\":\"search_term_string\"}}],\"inLanguage\":\"fr-FR\"},{\"@type\":\"Organization\",\"@id\":\"https:\\\/\\\/polarismusicprize.ca\\\/#organization\",\"name\":\"Polaris Music Prize\",\"url\":\"https:\\\/\\\/polarismusicprize.ca\\\/\",\"logo\":{\"@type\":\"ImageObject\",\"inLanguage\":\"fr-FR\",\"@id\":\"https:\\\/\\\/polarismusicprize.ca\\\/#\\\/schema\\\/logo\\\/image\\\/\",\"url\":\"https:\\\/\\\/polarismusicprize.ca\\\/wp-content\\\/uploads\\\/2014\\\/04\\\/logo-en.jpg\",\"contentUrl\":\"https:\\\/\\\/polarismusicprize.ca\\\/wp-content\\\/uploads\\\/2014\\\/04\\\/logo-en.jpg\",\"width\":750,\"height\":750,\"caption\":\"Polaris Music Prize\"},\"image\":{\"@id\":\"https:\\\/\\\/polarismusicprize.ca\\\/#\\\/schema\\\/logo\\\/image\\\/\"},\"sameAs\":[\"https:\\\/\\\/www.facebook.com\\\/polarismusicprize\",\"https:\\\/\\\/x.com\\\/PolarisPrize\"]},{\"@type\":\"Person\",\"@id\":\"https:\\\/\\\/polarismusicprize.ca\\\/#\\\/schema\\\/person\\\/d986e09994d85c97a180ad28c02ed3f1\",\"name\":\"Aaron Brophy\",\"image\":{\"@type\":\"ImageObject\",\"inLanguage\":\"fr-FR\",\"@id\":\"https:\\\/\\\/secure.gravatar.com\\\/avatar\\\/32402c5e82534fd65be9eb70bbac0e0267a65801c84c8aa27decb7cea045b1a6?s=96&d=mm&r=g\",\"url\":\"https:\\\/\\\/secure.gravatar.com\\\/avatar\\\/32402c5e82534fd65be9eb70bbac0e0267a65801c84c8aa27decb7cea045b1a6?s=96&d=mm&r=g\",\"contentUrl\":\"https:\\\/\\\/secure.gravatar.com\\\/avatar\\\/32402c5e82534fd65be9eb70bbac0e0267a65801c84c8aa27decb7cea045b1a6?s=96&d=mm&r=g\",\"caption\":\"Aaron Brophy\"},\"sameAs\":[\"https:\\\/\\\/www.riskyfuel.com\",\"https:\\\/\\\/facebook.com\\\/aaron.brophy\",\"https:\\\/\\\/x.com\\\/https:\\\/\\\/twitter.com\\\/aaronjjbrophy\"],\"url\":\"https:\\\/\\\/polarismusicprize.ca\\\/fr\\\/blog\\\/author\\\/broph\\\/\"}]}<\/script>","yoast_head_json":{"title":"Arkells Cover Owen Pallett's 'I Am Not Afraid' For Polaris Cover Sessions #4 - Polaris Music Prize","description":"Arkells have covered Owen Pallett's \"I Am Not Afraid\" for the latest edition of the Polaris Cover Sessions.","robots":{"index":"index","follow":"follow","max-snippet":"max-snippet:-1","max-image-preview":"max-image-preview:large","max-video-preview":"max-video-preview:-1"},"canonical":"https:\/\/polarismusicprize.ca\/blog\/arkells-cover-owen-pallett-i-am-not-afraid-polaris-cover-sessions\/","og_locale":"fr_FR","og_type":"article","og_title":"Arkells Cover Owen Pallett's 'I Am Not Afraid' For Polaris Cover Sessions #4 - Polaris Music Prize","og_description":"Arkells have covered Owen Pallett's \"I Am Not Afraid\" for the latest edition of the Polaris Cover Sessions.","og_url":"https:\/\/polarismusicprize.ca\/blog\/arkells-cover-owen-pallett-i-am-not-afraid-polaris-cover-sessions\/","og_site_name":"Polaris Music Prize","article_publisher":"https:\/\/www.facebook.com\/polarismusicprize","article_author":"https:\/\/facebook.com\/aaron.brophy","article_published_time":"2015-10-08T15:00:30+00:00","article_modified_time":"2015-10-08T23:24:09+00:00","og_image":[{"width":680,"height":511,"url":"https:\/\/polarismusicprize.ca\/wp-content\/uploads\/2015\/10\/arkells-cover-sessions-6801.jpg","type":"image\/jpeg"}],"author":"Aaron Brophy","twitter_card":"summary_large_image","twitter_creator":"@https:\/\/twitter.com\/aaronjjbrophy","twitter_site":"@PolarisPrize","twitter_misc":{"\u00c9crit par":"Aaron Brophy","Dur\u00e9e de lecture estim\u00e9e":"1 minute"},"schema":{"@context":"https:\/\/schema.org","@graph":[{"@type":"Article","@id":"https:\/\/polarismusicprize.ca\/blog\/arkells-cover-owen-pallett-i-am-not-afraid-polaris-cover-sessions\/#article","isPartOf":{"@id":"https:\/\/polarismusicprize.ca\/blog\/arkells-cover-owen-pallett-i-am-not-afraid-polaris-cover-sessions\/"},"author":{"name":"Aaron Brophy","@id":"https:\/\/polarismusicprize.ca\/#\/schema\/person\/d986e09994d85c97a180ad28c02ed3f1"},"headline":"Arkells Cover Owen Pallett&rsquo;s &lsquo;I Am Not Afraid&rsquo; For Polaris Cover Sessions #4","datePublished":"2015-10-08T15:00:30+00:00","dateModified":"2015-10-08T23:24:09+00:00","mainEntityOfPage":{"@id":"https:\/\/polarismusicprize.ca\/blog\/arkells-cover-owen-pallett-i-am-not-afraid-polaris-cover-sessions\/"},"wordCount":263,"commentCount":0,"publisher":{"@id":"https:\/\/polarismusicprize.ca\/#organization"},"image":{"@id":"https:\/\/polarismusicprize.ca\/blog\/arkells-cover-owen-pallett-i-am-not-afraid-polaris-cover-sessions\/#primaryimage"},"thumbnailUrl":"https:\/\/polarismusicprize.ca\/wp-content\/uploads\/2015\/10\/arkells-cover-sessions-6801.jpg","keywords":["Arkells","Owen Pallett","Polaris Cover Sessions","Polaris Music Prize"],"articleSection":["Polaris Blog"],"inLanguage":"fr-FR","potentialAction":[{"@type":"CommentAction","name":"Comment","target":["https:\/\/polarismusicprize.ca\/blog\/arkells-cover-owen-pallett-i-am-not-afraid-polaris-cover-sessions\/#respond"]}]},{"@type":"WebPage","@id":"https:\/\/polarismusicprize.ca\/blog\/arkells-cover-owen-pallett-i-am-not-afraid-polaris-cover-sessions\/","url":"https:\/\/polarismusicprize.ca\/blog\/arkells-cover-owen-pallett-i-am-not-afraid-polaris-cover-sessions\/","name":"Arkells Cover Owen Pallett's 'I Am Not Afraid' For Polaris Cover Sessions #4 - Polaris Music Prize","isPartOf":{"@id":"https:\/\/polarismusicprize.ca\/#website"},"primaryImageOfPage":{"@id":"https:\/\/polarismusicprize.ca\/blog\/arkells-cover-owen-pallett-i-am-not-afraid-polaris-cover-sessions\/#primaryimage"},"image":{"@id":"https:\/\/polarismusicprize.ca\/blog\/arkells-cover-owen-pallett-i-am-not-afraid-polaris-cover-sessions\/#primaryimage"},"thumbnailUrl":"https:\/\/polarismusicprize.ca\/wp-content\/uploads\/2015\/10\/arkells-cover-sessions-6801.jpg","datePublished":"2015-10-08T15:00:30+00:00","dateModified":"2015-10-08T23:24:09+00:00","description":"Arkells have covered Owen Pallett's \"I Am Not Afraid\" for the latest edition of the Polaris Cover Sessions.","breadcrumb":{"@id":"https:\/\/polarismusicprize.ca\/blog\/arkells-cover-owen-pallett-i-am-not-afraid-polaris-cover-sessions\/#breadcrumb"},"inLanguage":"fr-FR","potentialAction":[{"@type":"ReadAction","target":["https:\/\/polarismusicprize.ca\/blog\/arkells-cover-owen-pallett-i-am-not-afraid-polaris-cover-sessions\/"]}]},{"@type":"ImageObject","inLanguage":"fr-FR","@id":"https:\/\/polarismusicprize.ca\/blog\/arkells-cover-owen-pallett-i-am-not-afraid-polaris-cover-sessions\/#primaryimage","url":"https:\/\/polarismusicprize.ca\/wp-content\/uploads\/2015\/10\/arkells-cover-sessions-6801.jpg","contentUrl":"https:\/\/polarismusicprize.ca\/wp-content\/uploads\/2015\/10\/arkells-cover-sessions-6801.jpg","width":680,"height":511,"caption":"Arkells' Max Kerman"},{"@type":"BreadcrumbList","@id":"https:\/\/polarismusicprize.ca\/blog\/arkells-cover-owen-pallett-i-am-not-afraid-polaris-cover-sessions\/#breadcrumb","itemListElement":[{"@type":"ListItem","position":1,"name":"Home","item":"https:\/\/polarismusicprize.ca\/fr\/"},{"@type":"ListItem","position":2,"name":"Arkells Cover Owen Pallett&#8217;s &#8216;I Am Not Afraid&#8217; For Polaris Cover Sessions #4"}]},{"@type":"WebSite","@id":"https:\/\/polarismusicprize.ca\/#website","url":"https:\/\/polarismusicprize.ca\/","name":"Polaris Music Prize","description":"Discover, Discuss, Award: Celebrating Canadian Musical Artistry","publisher":{"@id":"https:\/\/polarismusicprize.ca\/#organization"},"potentialAction":[{"@type":"SearchAction","target":{"@type":"EntryPoint","urlTemplate":"https:\/\/polarismusicprize.ca\/?s={search_term_string}"},"query-input":{"@type":"PropertyValueSpecification","valueRequired":true,"valueName":"search_term_string"}}],"inLanguage":"fr-FR"},{"@type":"Organization","@id":"https:\/\/polarismusicprize.ca\/#organization","name":"Polaris Music Prize","url":"https:\/\/polarismusicprize.ca\/","logo":{"@type":"ImageObject","inLanguage":"fr-FR","@id":"https:\/\/polarismusicprize.ca\/#\/schema\/logo\/image\/","url":"https:\/\/polarismusicprize.ca\/wp-content\/uploads\/2014\/04\/logo-en.jpg","contentUrl":"https:\/\/polarismusicprize.ca\/wp-content\/uploads\/2014\/04\/logo-en.jpg","width":750,"height":750,"caption":"Polaris Music Prize"},"image":{"@id":"https:\/\/polarismusicprize.ca\/#\/schema\/logo\/image\/"},"sameAs":["https:\/\/www.facebook.com\/polarismusicprize","https:\/\/x.com\/PolarisPrize"]},{"@type":"Person","@id":"https:\/\/polarismusicprize.ca\/#\/schema\/person\/d986e09994d85c97a180ad28c02ed3f1","name":"Aaron Brophy","image":{"@type":"ImageObject","inLanguage":"fr-FR","@id":"https:\/\/secure.gravatar.com\/avatar\/32402c5e82534fd65be9eb70bbac0e0267a65801c84c8aa27decb7cea045b1a6?s=96&d=mm&r=g","url":"https:\/\/secure.gravatar.com\/avatar\/32402c5e82534fd65be9eb70bbac0e0267a65801c84c8aa27decb7cea045b1a6?s=96&d=mm&r=g","contentUrl":"https:\/\/secure.gravatar.com\/avatar\/32402c5e82534fd65be9eb70bbac0e0267a65801c84c8aa27decb7cea045b1a6?s=96&d=mm&r=g","caption":"Aaron Brophy"},"sameAs":["https:\/\/www.riskyfuel.com","https:\/\/facebook.com\/aaron.brophy","https:\/\/x.com\/https:\/\/twitter.com\/aaronjjbrophy"],"url":"https:\/\/polarismusicprize.ca\/fr\/blog\/author\/broph\/"}]}},"_links":{"self":[{"href":"https:\/\/polarismusicprize.ca\/fr\/wp-json\/wp\/v2\/posts\/11967","targetHints":{"allow":["GET"]}}],"collection":[{"href":"https:\/\/polarismusicprize.ca\/fr\/wp-json\/wp\/v2\/posts"}],"about":[{"href":"https:\/\/polarismusicprize.ca\/fr\/wp-json\/wp\/v2\/types\/post"}],"author":[{"embeddable":true,"href":"https:\/\/polarismusicprize.ca\/fr\/wp-json\/wp\/v2\/users\/16"}],"replies":[{"embeddable":true,"href":"https:\/\/polarismusicprize.ca\/fr\/wp-json\/wp\/v2\/comments?post=11967"}],"version-history":[{"count":0,"href":"https:\/\/polarismusicprize.ca\/fr\/wp-json\/wp\/v2\/posts\/11967\/revisions"}],"wp:featuredmedia":[{"embeddable":true,"href":"https:\/\/polarismusicprize.ca\/fr\/wp-json\/wp\/v2\/media\/11968"}],"wp:attachment":[{"href":"https:\/\/polarismusicprize.ca\/fr\/wp-json\/wp\/v2\/media?parent=11967"}],"wp:term":[{"taxonomy":"category","embeddable":true,"href":"https:\/\/polarismusicprize.ca\/fr\/wp-json\/wp\/v2\/categories?post=11967"},{"taxonomy":"post_tag","embeddable":true,"href":"https:\/\/polarismusicprize.ca\/fr\/wp-json\/wp\/v2\/tags?post=11967"}],"curies":[{"name":"wp","href":"https:\/\/api.w.org\/{rel}","templated":true}]}}